{"id":804,"date":"2020-12-18T13:14:48","date_gmt":"2020-12-18T13:14:48","guid":{"rendered":"https:\/\/gondens.com\/empresa-con-origenes-boricuas-inaugura-en-colombia\/"},"modified":"2024-10-11T13:26:28","modified_gmt":"2024-10-11T18:26:28","slug":"empresa-con-origenes-boricuas-inaugura-en-colombia","status":"publish","type":"post","link":"https:\/\/gondens.com\/es\/empresa-con-origenes-boricuas-inaugura-en-colombia\/","title":{"rendered":"Empresa con or\u00edgenes boricuas inaugura en Colombia"},"content":{"rendered":"\t\t<div data-elementor-type=\"wp-post\" data-elementor-id=\"804\" class=\"elementor elementor-804 elementor-517\" data-elementor-post-type=\"post\">\n\t\t\t\t\t\t<section class=\"elementor-section elementor-top-section elementor-element elementor-element-e128b09 elementor-section-boxed elementor-section-height-default elementor-section-height-default\" data-id=\"e128b09\" data-element_type=\"section\" data-e-type=\"section\">\n\t\t\t\t\t\t<div class=\"elementor-container elementor-column-gap-default\">\n\t\t\t\t\t<div class=\"elementor-column elementor-col-100 elementor-top-column elementor-element elementor-element-17ad0d5\" data-id=\"17ad0d5\" data-element_type=\"column\" data-e-type=\"column\">\n\t\t\t<div class=\"elementor-widget-wrap elementor-element-populated\">\n\t\t\t\t\t\t<div class=\"elementor-element elementor-element-915972c elementor-widget elementor-widget-theme-post-title elementor-page-title elementor-widget-heading\" data-id=\"915972c\" data-element_type=\"widget\" data-e-type=\"widget\" data-widget_type=\"theme-post-title.default\">\n\t\t\t\t<div class=\"elementor-widget-container\">\n\t\t\t\t\t<h2 class=\"elementor-heading-title elementor-size-default\">Empresa con or\u00edgenes boricuas inaugura en Colombia<\/h2>\t\t\t\t<\/div>\n\t\t\t\t<\/div>\n\t\t\t\t<div class=\"elementor-element elementor-element-d2c60ca elementor-widget elementor-widget-text-editor\" data-id=\"d2c60ca\" data-element_type=\"widget\" data-e-type=\"widget\" data-widget_type=\"text-editor.default\">\n\t\t\t\t<div class=\"elementor-widget-container\">\n\t\t\t\t\t\t\t\t\tGondens, fundada por el puertorrique\u00f1o Federico Gonz\u00e1lez Denton, ofrecer\u00e1 consultor\u00eda a negocios en Am\u00e9rica Latina y Caribe\n\t\t\t\t\t\t\t\t<\/div>\n\t\t\t\t<\/div>\n\t\t\t\t<div class=\"elementor-element elementor-element-cc15fd1 elementor-widget elementor-widget-image\" data-id=\"cc15fd1\" data-element_type=\"widget\" data-e-type=\"widget\" data-widget_type=\"image.default\">\n\t\t\t\t<div class=\"elementor-widget-container\">\n\t\t\t\t\t\t\t\t\t\t\t\t\t\t\t<img fetchpriority=\"high\" decoding=\"async\" width=\"829\" height=\"546\" src=\"https:\/\/gondens.com\/wp-content\/uploads\/LUUZB5XKDZFTZMXVUE52HEJJ5U-1.jpg\" class=\"attachment-full size-full wp-image-799\" alt=\"\" srcset=\"https:\/\/gondens.com\/wp-content\/uploads\/LUUZB5XKDZFTZMXVUE52HEJJ5U-1.jpg 829w, https:\/\/gondens.com\/wp-content\/uploads\/LUUZB5XKDZFTZMXVUE52HEJJ5U-1-300x198.jpg 300w, https:\/\/gondens.com\/wp-content\/uploads\/LUUZB5XKDZFTZMXVUE52HEJJ5U-1-150x99.jpg 150w, https:\/\/gondens.com\/wp-content\/uploads\/LUUZB5XKDZFTZMXVUE52HEJJ5U-1-768x506.jpg 768w\" sizes=\"(max-width: 829px) 100vw, 829px\" \/>\t\t\t\t\t\t\t\t\t\t\t\t\t\t\t<\/div>\n\t\t\t\t<\/div>\n\t\t\t\t<div class=\"elementor-element elementor-element-10b788a elementor-widget elementor-widget-text-editor\" data-id=\"10b788a\" data-element_type=\"widget\" data-e-type=\"widget\" data-widget_type=\"text-editor.default\">\n\t\t\t\t<div class=\"elementor-widget-container\">\n\t\t\t\t\t\t\t\t\t<p>Una nueva firma de consultor\u00eda en negocios internacionales concentrada en Am\u00e9rica Latina y el Caribe reci\u00e9n inaugur\u00f3 en Bogot\u00e1, Colombia y su socio fundador es el puertorrique\u00f1o Federico Gonz\u00e1lez Denton.<\/p>\n<p>El nombre de la firma es Gondens, una combinaci\u00f3n de los apellidos del fundador, quien ser\u00e1 el director general y adem\u00e1s se concentrar\u00e1 en proveer asesor\u00eda en las \u00e1reas de relaciones gubernamentales y corporativas.<\/p>\n<p>Gonz\u00e1lez Denton es un experimentado profesional en estas \u00e1reas, habiendo ocupado el cargo de vicepresidente de Relaciones Gubernamentales para Am\u00e9rica Latina y el Caribe en la reconocida compa\u00f1\u00eda de cruceros Royal Caribbean Group por m\u00e1s de 12 a\u00f1os.<\/p>\n<p>Adem\u00e1s, se ha desempe\u00f1ado en estas \u00e1reas en otras empresas y asociaciones, tales como la operadora de puertos m\u00e1s grande del mundo, Global Ports Holding, AARP, Advent Morro Equity Partners, la megacadena Walmart y el Concilio de Exportaciones.<\/p>\n<p>Gondens cuenta adem\u00e1s con exitosos profesionales encargados de proveer asesor\u00eda en otras disciplinas. Roberto Trigos, reconocido profesional en el \u00e1rea de Mercadeo fungir\u00e1 como director de Mercadeo, Estudio de Mercados y Planificaci\u00f3n Estrat\u00e9gica. Giovanni Perlloni, experto en el \u00e1rea de banca, ser\u00e1 el director de Banca, Finanzas y Relaciones con Inversionistas.<\/p>\n<p>Por \u00faltimo, el que fuera hasta hace poco el gerente de Operaciones del puerto de La Habana, Cuba, Jorge Mandiola, se desempe\u00f1ara como director de Transportaci\u00f3n, Log\u00edstica y Operaciones Portuarias de Gondens.<\/p>\n<p>\u201cPara m\u00ed es un honor incalculable el que profesionales de la talla de mis compa\u00f1eros se hayan unido a esta empresa. Cada uno trae sobre 30 a\u00f1os de experiencia en sus \u00e1reas, habiendo laborados con las firmas m\u00e1s prestigiosas en sus campos\u201d manifest\u00f3 Gonz\u00e1lez Denton.<\/p>\n<p>Gondens espera capitalizar en las oportunidades comerciales que se puedan establecer entre Colombia y Puerto Rico. \u201cEl tratado de Libre Comercio entre Estados Unidos y Colombia entr\u00f3 en vigor el 15 de mayo de 2012. Entendemos que el potencial de este tratado no ha sido enteramente explotado, ya que, en primer lugar, la balanza comercial es sumamente desfavorable para Puerto Rico y, adem\u00e1s, el comercio total entre ambos pa\u00edses, que actualmente ronda en unos $400 millones, podr\u00eda ser mucho mayor\u201d, manifest\u00f3 Gonz\u00e1lez Denton.<\/p>\n\t\t\t\t\t\t\t\t<\/div>\n\t\t\t\t<\/div>\n\t\t\t\t\t<\/div>\n\t\t<\/div>\n\t\t\t\t\t<\/div>\n\t\t<\/section>\n\t\t\t\t<\/div>\n\t\t","protected":false},"excerpt":{"rendered":"<p>Gondens, fundada por el puertorrique\u00f1o Federico Gonz\u00e1lez Denton, ofrecer\u00e1 consultor\u00eda a negocios en Am\u00e9rica Latina y Caribe Una nueva firma de consultor\u00eda en negocios internacionales concentrada en Am\u00e9rica Latina y el Caribe reci\u00e9n inaugur\u00f3 en Bogot\u00e1, Colombia y su socio fundador es el puertorrique\u00f1o Federico Gonz\u00e1lez Denton. El nombre de la firma es Gondens, una [&hellip;]<\/p>\n","protected":false},"author":1,"featured_media":0,"comment_status":"open","ping_status":"open","sticky":false,"template":"","format":"standard","meta":{"footnotes":""},"categories":[28],"tags":[30],"class_list":["post-804","post","type-post","status-publish","format-standard","hentry","category-business-development-government-corporate-affairs-es","tag-tratado-de-libre-comercio-colombia-es"],"yoast_head":"<!-- This site is optimized with the Yoast SEO plugin v27.4 - https:\/\/yoast.com\/product\/yoast-seo-wordpress\/ -->\n<title>Empresa con or\u00edgenes boricuas inaugura en Colombia - Gondens<\/title>\n<meta name=\"robots\" content=\"index, follow, max-snippet:-1, max-image-preview:large, max-video-preview:-1\" \/>\n<link rel=\"canonical\" href=\"https:\/\/gondens.com\/empresa-con-origenes-boricuas-inaugura-en-colombia\/\" \/>\n<meta property=\"og:locale\" content=\"es_ES\" \/>\n<meta property=\"og:type\" content=\"article\" \/>\n<meta property=\"og:title\" content=\"Empresa con or\u00edgenes boricuas inaugura en Colombia - Gondens\" \/>\n<meta property=\"og:description\" content=\"Gondens, fundada por el puertorrique\u00f1o Federico Gonz\u00e1lez Denton, ofrecer\u00e1 consultor\u00eda a negocios en Am\u00e9rica Latina y Caribe Una nueva firma de consultor\u00eda en negocios internacionales concentrada en Am\u00e9rica Latina y el Caribe reci\u00e9n inaugur\u00f3 en Bogot\u00e1, Colombia y su socio fundador es el puertorrique\u00f1o Federico Gonz\u00e1lez Denton. El nombre de la firma es Gondens, una [&hellip;]\" \/>\n<meta property=\"og:url\" content=\"https:\/\/gondens.com\/empresa-con-origenes-boricuas-inaugura-en-colombia\/\" \/>\n<meta property=\"og:site_name\" content=\"Gondens\" \/>\n<meta property=\"article:published_time\" content=\"2020-12-18T13:14:48+00:00\" \/>\n<meta property=\"article:modified_time\" content=\"2024-10-11T18:26:28+00:00\" \/>\n<meta property=\"og:image\" content=\"https:\/\/gondens.com\/wp-content\/uploads\/LUUZB5XKDZFTZMXVUE52HEJJ5U-1.jpg\" \/>\n\t<meta property=\"og:image:width\" content=\"829\" \/>\n\t<meta property=\"og:image:height\" content=\"546\" \/>\n\t<meta property=\"og:image:type\" content=\"image\/jpeg\" \/>\n<meta name=\"author\" content=\"cristhian\" \/>\n<meta name=\"twitter:card\" content=\"summary_large_image\" \/>\n<meta name=\"twitter:label1\" content=\"Escrito por\" \/>\n\t<meta name=\"twitter:data1\" content=\"cristhian\" \/>\n\t<meta name=\"twitter:label2\" content=\"Tiempo de lectura\" \/>\n\t<meta name=\"twitter:data2\" content=\"2 minutos\" \/>\n<script type=\"application\/ld+json\" class=\"yoast-schema-graph\">{\"@context\":\"https:\\\/\\\/schema.org\",\"@graph\":[{\"@type\":\"Article\",\"@id\":\"https:\\\/\\\/gondens.com\\\/empresa-con-origenes-boricuas-inaugura-en-colombia\\\/#article\",\"isPartOf\":{\"@id\":\"https:\\\/\\\/gondens.com\\\/empresa-con-origenes-boricuas-inaugura-en-colombia\\\/\"},\"author\":{\"name\":\"cristhian\",\"@id\":\"https:\\\/\\\/gondens.com\\\/#\\\/schema\\\/person\\\/d1ffd59c81246d9a38060859abfeac5c\"},\"headline\":\"Empresa con or\u00edgenes boricuas inaugura en Colombia\",\"datePublished\":\"2020-12-18T13:14:48+00:00\",\"dateModified\":\"2024-10-11T18:26:28+00:00\",\"mainEntityOfPage\":{\"@id\":\"https:\\\/\\\/gondens.com\\\/empresa-con-origenes-boricuas-inaugura-en-colombia\\\/\"},\"wordCount\":406,\"commentCount\":0,\"publisher\":{\"@id\":\"https:\\\/\\\/gondens.com\\\/#organization\"},\"image\":{\"@id\":\"https:\\\/\\\/gondens.com\\\/empresa-con-origenes-boricuas-inaugura-en-colombia\\\/#primaryimage\"},\"thumbnailUrl\":\"https:\\\/\\\/gondens.com\\\/wp-content\\\/uploads\\\/LUUZB5XKDZFTZMXVUE52HEJJ5U-1.jpg\",\"keywords\":[\"Tratado de libre comercio Colombia\"],\"articleSection\":[\"Business Development, Government &amp; Corporate Affairs\"],\"inLanguage\":\"es\",\"potentialAction\":[{\"@type\":\"CommentAction\",\"name\":\"Comment\",\"target\":[\"https:\\\/\\\/gondens.com\\\/empresa-con-origenes-boricuas-inaugura-en-colombia\\\/#respond\"]}]},{\"@type\":\"WebPage\",\"@id\":\"https:\\\/\\\/gondens.com\\\/empresa-con-origenes-boricuas-inaugura-en-colombia\\\/\",\"url\":\"https:\\\/\\\/gondens.com\\\/empresa-con-origenes-boricuas-inaugura-en-colombia\\\/\",\"name\":\"Empresa con or\u00edgenes boricuas inaugura en Colombia - Gondens\",\"isPartOf\":{\"@id\":\"https:\\\/\\\/gondens.com\\\/#website\"},\"primaryImageOfPage\":{\"@id\":\"https:\\\/\\\/gondens.com\\\/empresa-con-origenes-boricuas-inaugura-en-colombia\\\/#primaryimage\"},\"image\":{\"@id\":\"https:\\\/\\\/gondens.com\\\/empresa-con-origenes-boricuas-inaugura-en-colombia\\\/#primaryimage\"},\"thumbnailUrl\":\"https:\\\/\\\/gondens.com\\\/wp-content\\\/uploads\\\/LUUZB5XKDZFTZMXVUE52HEJJ5U-1.jpg\",\"datePublished\":\"2020-12-18T13:14:48+00:00\",\"dateModified\":\"2024-10-11T18:26:28+00:00\",\"breadcrumb\":{\"@id\":\"https:\\\/\\\/gondens.com\\\/empresa-con-origenes-boricuas-inaugura-en-colombia\\\/#breadcrumb\"},\"inLanguage\":\"es\",\"potentialAction\":[{\"@type\":\"ReadAction\",\"target\":[\"https:\\\/\\\/gondens.com\\\/empresa-con-origenes-boricuas-inaugura-en-colombia\\\/\"]}]},{\"@type\":\"ImageObject\",\"inLanguage\":\"es\",\"@id\":\"https:\\\/\\\/gondens.com\\\/empresa-con-origenes-boricuas-inaugura-en-colombia\\\/#primaryimage\",\"url\":\"https:\\\/\\\/gondens.com\\\/wp-content\\\/uploads\\\/LUUZB5XKDZFTZMXVUE52HEJJ5U-1.jpg\",\"contentUrl\":\"https:\\\/\\\/gondens.com\\\/wp-content\\\/uploads\\\/LUUZB5XKDZFTZMXVUE52HEJJ5U-1.jpg\"},{\"@type\":\"BreadcrumbList\",\"@id\":\"https:\\\/\\\/gondens.com\\\/empresa-con-origenes-boricuas-inaugura-en-colombia\\\/#breadcrumb\",\"itemListElement\":[{\"@type\":\"ListItem\",\"position\":1,\"name\":\"Home\",\"item\":\"https:\\\/\\\/gondens.com\\\/\"},{\"@type\":\"ListItem\",\"position\":2,\"name\":\"Empresa con or\u00edgenes boricuas inaugura en Colombia\"}]},{\"@type\":\"WebSite\",\"@id\":\"https:\\\/\\\/gondens.com\\\/#website\",\"url\":\"https:\\\/\\\/gondens.com\\\/\",\"name\":\"Gondens\",\"description\":\"International Advisors\",\"publisher\":{\"@id\":\"https:\\\/\\\/gondens.com\\\/#organization\"},\"potentialAction\":[{\"@type\":\"SearchAction\",\"target\":{\"@type\":\"EntryPoint\",\"urlTemplate\":\"https:\\\/\\\/gondens.com\\\/?s={search_term_string}\"},\"query-input\":{\"@type\":\"PropertyValueSpecification\",\"valueRequired\":true,\"valueName\":\"search_term_string\"}}],\"inLanguage\":\"es\"},{\"@type\":\"Organization\",\"@id\":\"https:\\\/\\\/gondens.com\\\/#organization\",\"name\":\"Gondens\",\"url\":\"https:\\\/\\\/gondens.com\\\/\",\"logo\":{\"@type\":\"ImageObject\",\"inLanguage\":\"es\",\"@id\":\"https:\\\/\\\/gondens.com\\\/#\\\/schema\\\/logo\\\/image\\\/\",\"url\":\"https:\\\/\\\/gondens.com\\\/wp-content\\\/uploads\\\/gondens-logo-267x60-1.png\",\"contentUrl\":\"https:\\\/\\\/gondens.com\\\/wp-content\\\/uploads\\\/gondens-logo-267x60-1.png\",\"width\":267,\"height\":60,\"caption\":\"Gondens\"},\"image\":{\"@id\":\"https:\\\/\\\/gondens.com\\\/#\\\/schema\\\/logo\\\/image\\\/\"}},{\"@type\":\"Person\",\"@id\":\"https:\\\/\\\/gondens.com\\\/#\\\/schema\\\/person\\\/d1ffd59c81246d9a38060859abfeac5c\",\"name\":\"cristhian\",\"image\":{\"@type\":\"ImageObject\",\"inLanguage\":\"es\",\"@id\":\"https:\\\/\\\/secure.gravatar.com\\\/avatar\\\/b17f9cff93b38c4b264b98c0b995d0c40957fef774ac13710b8018450dad9723?s=96&d=mm&r=g\",\"url\":\"https:\\\/\\\/secure.gravatar.com\\\/avatar\\\/b17f9cff93b38c4b264b98c0b995d0c40957fef774ac13710b8018450dad9723?s=96&d=mm&r=g\",\"contentUrl\":\"https:\\\/\\\/secure.gravatar.com\\\/avatar\\\/b17f9cff93b38c4b264b98c0b995d0c40957fef774ac13710b8018450dad9723?s=96&d=mm&r=g\",\"caption\":\"cristhian\"},\"sameAs\":[\"https:\\\/\\\/gondens.com\"],\"url\":\"https:\\\/\\\/gondens.com\\\/es\\\/author\\\/cristhian\\\/\"}]}<\/script>\n<!-- \/ Yoast SEO plugin. -->","yoast_head_json":{"title":"Empresa con or\u00edgenes boricuas inaugura en Colombia - Gondens","robots":{"index":"index","follow":"follow","max-snippet":"max-snippet:-1","max-image-preview":"max-image-preview:large","max-video-preview":"max-video-preview:-1"},"canonical":"https:\/\/gondens.com\/empresa-con-origenes-boricuas-inaugura-en-colombia\/","og_locale":"es_ES","og_type":"article","og_title":"Empresa con or\u00edgenes boricuas inaugura en Colombia - Gondens","og_description":"Gondens, fundada por el puertorrique\u00f1o Federico Gonz\u00e1lez Denton, ofrecer\u00e1 consultor\u00eda a negocios en Am\u00e9rica Latina y Caribe Una nueva firma de consultor\u00eda en negocios internacionales concentrada en Am\u00e9rica Latina y el Caribe reci\u00e9n inaugur\u00f3 en Bogot\u00e1, Colombia y su socio fundador es el puertorrique\u00f1o Federico Gonz\u00e1lez Denton. El nombre de la firma es Gondens, una [&hellip;]","og_url":"https:\/\/gondens.com\/empresa-con-origenes-boricuas-inaugura-en-colombia\/","og_site_name":"Gondens","article_published_time":"2020-12-18T13:14:48+00:00","article_modified_time":"2024-10-11T18:26:28+00:00","og_image":[{"width":829,"height":546,"url":"https:\/\/gondens.com\/wp-content\/uploads\/LUUZB5XKDZFTZMXVUE52HEJJ5U-1.jpg","type":"image\/jpeg"}],"author":"cristhian","twitter_card":"summary_large_image","twitter_misc":{"Escrito por":"cristhian","Tiempo de lectura":"2 minutos"},"schema":{"@context":"https:\/\/schema.org","@graph":[{"@type":"Article","@id":"https:\/\/gondens.com\/empresa-con-origenes-boricuas-inaugura-en-colombia\/#article","isPartOf":{"@id":"https:\/\/gondens.com\/empresa-con-origenes-boricuas-inaugura-en-colombia\/"},"author":{"name":"cristhian","@id":"https:\/\/gondens.com\/#\/schema\/person\/d1ffd59c81246d9a38060859abfeac5c"},"headline":"Empresa con or\u00edgenes boricuas inaugura en Colombia","datePublished":"2020-12-18T13:14:48+00:00","dateModified":"2024-10-11T18:26:28+00:00","mainEntityOfPage":{"@id":"https:\/\/gondens.com\/empresa-con-origenes-boricuas-inaugura-en-colombia\/"},"wordCount":406,"commentCount":0,"publisher":{"@id":"https:\/\/gondens.com\/#organization"},"image":{"@id":"https:\/\/gondens.com\/empresa-con-origenes-boricuas-inaugura-en-colombia\/#primaryimage"},"thumbnailUrl":"https:\/\/gondens.com\/wp-content\/uploads\/LUUZB5XKDZFTZMXVUE52HEJJ5U-1.jpg","keywords":["Tratado de libre comercio Colombia"],"articleSection":["Business Development, Government &amp; Corporate Affairs"],"inLanguage":"es","potentialAction":[{"@type":"CommentAction","name":"Comment","target":["https:\/\/gondens.com\/empresa-con-origenes-boricuas-inaugura-en-colombia\/#respond"]}]},{"@type":"WebPage","@id":"https:\/\/gondens.com\/empresa-con-origenes-boricuas-inaugura-en-colombia\/","url":"https:\/\/gondens.com\/empresa-con-origenes-boricuas-inaugura-en-colombia\/","name":"Empresa con or\u00edgenes boricuas inaugura en Colombia - Gondens","isPartOf":{"@id":"https:\/\/gondens.com\/#website"},"primaryImageOfPage":{"@id":"https:\/\/gondens.com\/empresa-con-origenes-boricuas-inaugura-en-colombia\/#primaryimage"},"image":{"@id":"https:\/\/gondens.com\/empresa-con-origenes-boricuas-inaugura-en-colombia\/#primaryimage"},"thumbnailUrl":"https:\/\/gondens.com\/wp-content\/uploads\/LUUZB5XKDZFTZMXVUE52HEJJ5U-1.jpg","datePublished":"2020-12-18T13:14:48+00:00","dateModified":"2024-10-11T18:26:28+00:00","breadcrumb":{"@id":"https:\/\/gondens.com\/empresa-con-origenes-boricuas-inaugura-en-colombia\/#breadcrumb"},"inLanguage":"es","potentialAction":[{"@type":"ReadAction","target":["https:\/\/gondens.com\/empresa-con-origenes-boricuas-inaugura-en-colombia\/"]}]},{"@type":"ImageObject","inLanguage":"es","@id":"https:\/\/gondens.com\/empresa-con-origenes-boricuas-inaugura-en-colombia\/#primaryimage","url":"https:\/\/gondens.com\/wp-content\/uploads\/LUUZB5XKDZFTZMXVUE52HEJJ5U-1.jpg","contentUrl":"https:\/\/gondens.com\/wp-content\/uploads\/LUUZB5XKDZFTZMXVUE52HEJJ5U-1.jpg"},{"@type":"BreadcrumbList","@id":"https:\/\/gondens.com\/empresa-con-origenes-boricuas-inaugura-en-colombia\/#breadcrumb","itemListElement":[{"@type":"ListItem","position":1,"name":"Home","item":"https:\/\/gondens.com\/"},{"@type":"ListItem","position":2,"name":"Empresa con or\u00edgenes boricuas inaugura en Colombia"}]},{"@type":"WebSite","@id":"https:\/\/gondens.com\/#website","url":"https:\/\/gondens.com\/","name":"Gondens","description":"International Advisors","publisher":{"@id":"https:\/\/gondens.com\/#organization"},"potentialAction":[{"@type":"SearchAction","target":{"@type":"EntryPoint","urlTemplate":"https:\/\/gondens.com\/?s={search_term_string}"},"query-input":{"@type":"PropertyValueSpecification","valueRequired":true,"valueName":"search_term_string"}}],"inLanguage":"es"},{"@type":"Organization","@id":"https:\/\/gondens.com\/#organization","name":"Gondens","url":"https:\/\/gondens.com\/","logo":{"@type":"ImageObject","inLanguage":"es","@id":"https:\/\/gondens.com\/#\/schema\/logo\/image\/","url":"https:\/\/gondens.com\/wp-content\/uploads\/gondens-logo-267x60-1.png","contentUrl":"https:\/\/gondens.com\/wp-content\/uploads\/gondens-logo-267x60-1.png","width":267,"height":60,"caption":"Gondens"},"image":{"@id":"https:\/\/gondens.com\/#\/schema\/logo\/image\/"}},{"@type":"Person","@id":"https:\/\/gondens.com\/#\/schema\/person\/d1ffd59c81246d9a38060859abfeac5c","name":"cristhian","image":{"@type":"ImageObject","inLanguage":"es","@id":"https:\/\/secure.gravatar.com\/avatar\/b17f9cff93b38c4b264b98c0b995d0c40957fef774ac13710b8018450dad9723?s=96&d=mm&r=g","url":"https:\/\/secure.gravatar.com\/avatar\/b17f9cff93b38c4b264b98c0b995d0c40957fef774ac13710b8018450dad9723?s=96&d=mm&r=g","contentUrl":"https:\/\/secure.gravatar.com\/avatar\/b17f9cff93b38c4b264b98c0b995d0c40957fef774ac13710b8018450dad9723?s=96&d=mm&r=g","caption":"cristhian"},"sameAs":["https:\/\/gondens.com"],"url":"https:\/\/gondens.com\/es\/author\/cristhian\/"}]}},"_links":{"self":[{"href":"https:\/\/gondens.com\/es\/wp-json\/wp\/v2\/posts\/804","targetHints":{"allow":["GET"]}}],"collection":[{"href":"https:\/\/gondens.com\/es\/wp-json\/wp\/v2\/posts"}],"about":[{"href":"https:\/\/gondens.com\/es\/wp-json\/wp\/v2\/types\/post"}],"author":[{"embeddable":true,"href":"https:\/\/gondens.com\/es\/wp-json\/wp\/v2\/users\/1"}],"replies":[{"embeddable":true,"href":"https:\/\/gondens.com\/es\/wp-json\/wp\/v2\/comments?post=804"}],"version-history":[{"count":6,"href":"https:\/\/gondens.com\/es\/wp-json\/wp\/v2\/posts\/804\/revisions"}],"predecessor-version":[{"id":2240,"href":"https:\/\/gondens.com\/es\/wp-json\/wp\/v2\/posts\/804\/revisions\/2240"}],"wp:attachment":[{"href":"https:\/\/gondens.com\/es\/wp-json\/wp\/v2\/media?parent=804"}],"wp:term":[{"taxonomy":"category","embeddable":true,"href":"https:\/\/gondens.com\/es\/wp-json\/wp\/v2\/categories?post=804"},{"taxonomy":"post_tag","embeddable":true,"href":"https:\/\/gondens.com\/es\/wp-json\/wp\/v2\/tags?post=804"}],"curies":[{"name":"wp","href":"https:\/\/api.w.org\/{rel}","templated":true}]}}